{"id":1886,"date":"2025-09-19T16:16:41","date_gmt":"2025-09-19T08:16:41","guid":{"rendered":"https:\/\/www.lctc-group.com\/?p=1886"},"modified":"2025-09-19T16:16:41","modified_gmt":"2025-09-19T08:16:41","slug":"lctc-advances-v2g-technology-to-support-smarter-greener-energy-systems","status":"publish","type":"post","link":"https:\/\/www.lctc-group.com\/cs\/lctc-advances-v2g-technology-to-support-smarter-greener-energy-systems\/","title":{"rendered":"Technologie LCTC Advances V2G na podporu chyt\u0159ej\u0161\u00edch, zelen\u011bj\u0161\u00edch energetick\u00fdch syst\u00e9m\u016f"},"content":{"rendered":"<p style=\"text-align: center;\"><em>\u00a0Duben 2025 |<\/em><\/p>\n<p>&nbsp;<\/p>\n<p>Jak se adopce elektrick\u00e9ho vozidla (EV) zrychluje, pot\u0159eba chyt\u0159ej\u0161\u00ed a flexibiln\u011bj\u0161\u00ed energetick\u00e9 infrastruktury nebyla nikdy v\u011bt\u0161\u00ed. <strong>LCTC<\/strong>, jsme hrd\u00ed na to, \u017ee jsme v pop\u0159ed\u00ed tohoto p\u0159echodu a \u0159\u00edd\u00edme inovace v <strong>Vozidlo-grid (V2G)<\/strong> Technologie, kter\u00e1 pom\u00e1h\u00e1 formovat odoln\u011bj\u0161\u00ed a udr\u017eiteln\u011bj\u0161\u00ed energetick\u00fd ekosyst\u00e9m.<\/p>\n<p>&nbsp;<\/p>\n<p><strong>Pro\u010d V2G z\u00e1le\u017e\u00ed<\/strong><\/p>\n<p>Technologie V2G umo\u017e\u0148uje obousm\u011brn\u00fd tok energie mezi elektrick\u00fdmi vozidly a energetickou m\u0159\u00ed\u017ekou a podporuje \u0161irokou \u0161k\u00e1lu aplikac\u00ed, jako je nap\u0159\u00edklad <strong>Holen\u00ed vrcholu<\/strong>, <strong>Virtu\u00e1ln\u00ed elektr\u00e1rny<\/strong>, a <strong>obchodov\u00e1n\u00ed s energi\u00ed<\/strong>.<\/p>\n<p>Ke konci roku 2023 m\u011bla \u010c\u00edna v\u00edce ne\u017e <strong>20,4 milionu nov\u00fdch energetick\u00fdch vozidel (NEV)<\/strong> Na silnici - o 56% se meziro\u010dn\u011b zvy\u0161uje. <strong>15,5 milionu<\/strong> Byly elektrick\u00e1 vozidla z baterie. <strong>100 milion\u016f do roku 2030<\/strong>.<\/p>\n<p>Tento rychl\u00fd r\u016fst p\u0159edstavuje v\u00fdzvy i p\u0159\u00edle\u017eitosti. <strong>Flexibiln\u00ed spr\u00e1va zat\u00ed\u017een\u00ed<\/strong> - Obzvl\u00e1\u0161t\u011b proto, \u017ee obnoviteln\u00e9 zdroje energie, jako je v\u00edtr a slune\u010dn\u00ed energie, zav\u00e1d\u011bj\u00ed v\u011bt\u0161\u00ed variabilitu do m\u0159\u00ed\u017eky.<\/p>\n<p>&nbsp;<\/p>\n<p><strong>Role LCTC: Smart V2G v akci<\/strong><\/p>\n<p>LCTC byl \u010dasn\u00fdm hybatelem v oblasti V2G, nab\u00edzej\u00edc\u00ed <strong>Advanced AC {{url_placeholder_0}} obousm\u011brn\u00e9 nab\u00edjec\u00ed syst\u00e9my<\/strong> To pom\u00e1h\u00e1 stabilizovat m\u0159\u00ed\u017eku, maximalizovat energetickou \u00fa\u010dinnost a sni\u017eovat emise uhl\u00edku.<\/p>\n<p>V <strong>Prvn\u00ed nab\u00edjec\u00ed stanice mimo lokalitu \u010c\u00edny v \u0160anghaji<\/strong>, LCTC nasazeno <strong>5 AC {{url_placeholder_0}} v2g Chargers<\/strong> a <strong>15 Rychl\u00e9 nab\u00edje\u010dky s dvojit\u00fdm v\u00fdstupem<\/strong>, povolen\u00ed <strong>Sou\u010dasn\u00e1 slu\u017eba a\u017e pro 40 vozidel p\u0159i kapacit\u011b 120 kW<\/strong>. <strong>372 tun ro\u010dn\u011b<\/strong>.<\/p>\n<p><img fetchpriority=\"high\" decoding=\"async\" class=\"wp-image-1893 aligncenter\" src=\"http:\/\/www.lctc-group.com\/wp-content\/uploads\/2025\/04\/640-300x300.webp\" alt=\"Prvn\u00ed nab\u00edjec\u00ed stanice mimo lokalitu \u010c\u00edny v \u0160anghaji\" width=\"375\" height=\"375\" srcset=\"https:\/\/www.lctc-group.com\/wp-content\/uploads\/2025\/04\/640-300x300.webp 300w, https:\/\/www.lctc-group.com\/wp-content\/uploads\/2025\/04\/640-150x150.webp 150w, https:\/\/www.lctc-group.com\/wp-content\/uploads\/2025\/04\/640-768x769.webp 768w, https:\/\/www.lctc-group.com\/wp-content\/uploads\/2025\/04\/640-12x12.webp 12w, https:\/\/www.lctc-group.com\/wp-content\/uploads\/2025\/04\/640-650x650.webp 650w, https:\/\/www.lctc-group.com\/wp-content\/uploads\/2025\/04\/640-600x601.webp 600w, https:\/\/www.lctc-group.com\/wp-content\/uploads\/2025\/04\/640-100x100.webp 100w, https:\/\/www.lctc-group.com\/wp-content\/uploads\/2025\/04\/640.webp 960w\" sizes=\"(max-width: 375px) 100vw, 375px\" \/><\/p>\n<p><img decoding=\"async\" class=\"wp-image-1894 aligncenter\" src=\"http:\/\/www.lctc-group.com\/wp-content\/uploads\/2025\/04\/640-1-300x187.webp\" alt=\"LCTC's AC\/DC Charging\" width=\"406\" height=\"253\" srcset=\"https:\/\/www.lctc-group.com\/wp-content\/uploads\/2025\/04\/640-1-300x187.webp 300w, https:\/\/www.lctc-group.com\/wp-content\/uploads\/2025\/04\/640-1-1024x639.webp 1024w, https:\/\/www.lctc-group.com\/wp-content\/uploads\/2025\/04\/640-1-768x479.webp 768w, https:\/\/www.lctc-group.com\/wp-content\/uploads\/2025\/04\/640-1-18x12.webp 18w, https:\/\/www.lctc-group.com\/wp-content\/uploads\/2025\/04\/640-1-600x374.webp 600w, https:\/\/www.lctc-group.com\/wp-content\/uploads\/2025\/04\/640-1.webp 1080w\" sizes=\"(max-width: 406px) 100vw, 406px\" \/><\/p>\n<p>&nbsp;<\/p>\n<p><strong>Kl\u00ed\u010dov\u00e9 vlastnosti AC {{URL_placeholder_0}} V2G nab\u00edje\u010dka<\/strong><\/p>\n<p>N\u00e1\u0161 syst\u00e9m nab\u00edjen\u00ed V2G je vytvo\u0159en pro <strong>v\u00fdkon, spolehlivost a inteligence<\/strong>.<\/p>\n<ul>\n<li>\ud83d\udd0b <strong>Vyva\u017eov\u00e1n\u00ed m\u0159\u00ed\u017eky<\/strong>: Poplatek, kdy\u017e je popt\u00e1vka n\u00edzk\u00e1;<\/li>\n<li>\ud83d\udd0b <strong>P\u00e9\u010de o baterie<\/strong>: Pl\u00e1novan\u00e9 cykly prob\u00edjen\u00ed n\u00e1boje chr\u00e1n\u00ed zdrav\u00ed bateri\u00ed po dlouhou dobu ne\u010dinnosti vozidla.<\/li>\n<li>\ud83d\udd0b <strong>Energetick\u00e1 arbitr\u00e1\u017e<\/strong>: Kupte si elekt\u0159inu, kdy\u017e jsou ceny n\u00edzk\u00e9, prod\u00e1vejte ji zp\u011bt, kdy\u017e jsou ceny vysok\u00e9 - umo\u017e\u0148uj\u00ed u\u017eivatel\u016fm zpen\u011b\u017eit ulo\u017eenou energii EV.<\/li>\n<li>\ud83d\udd0b <strong>Diagnostika baterie<\/strong>: Cykly pln\u00e9ho n\u00e1boje pom\u00e1haj\u00ed posoudit stav baterie a optimalizovat v\u00fdkon v pr\u016fb\u011bhu \u010dasu.<\/li>\n<\/ul>\n<p><img decoding=\"async\" class=\"size-medium wp-image-1889 aligncenter\" src=\"http:\/\/www.lctc-group.com\/wp-content\/uploads\/2025\/04\/ACDC-300x300.jpg\" alt=\"AC {{url_placeholder_0}} v2g nab\u00edje\u010dky\" width=\"300\" height=\"300\" srcset=\"https:\/\/www.lctc-group.com\/wp-content\/uploads\/2025\/04\/ACDC-300x300.jpg 300w, https:\/\/www.lctc-group.com\/wp-content\/uploads\/2025\/04\/ACDC-150x150.jpg 150w, https:\/\/www.lctc-group.com\/wp-content\/uploads\/2025\/04\/ACDC-12x12.jpg 12w, https:\/\/www.lctc-group.com\/wp-content\/uploads\/2025\/04\/ACDC-650x650.jpg 650w, https:\/\/www.lctc-group.com\/wp-content\/uploads\/2025\/04\/ACDC-600x600.jpg 600w, https:\/\/www.lctc-group.com\/wp-content\/uploads\/2025\/04\/ACDC-100x100.jpg 100w, https:\/\/www.lctc-group.com\/wp-content\/uploads\/2025\/04\/ACDC.jpg 708w\" sizes=\"(max-width: 300px) 100vw, 300px\" \/><\/p>\n<p>&nbsp;<\/p>\n<p><strong>J\u00edzda sm\u011brem k chyt\u0159ej\u0161\u00ed budoucnosti energie<\/strong><\/p>\n<p>Jak se zem\u011b pohybuj\u00ed sm\u011brem k neutralit\u011b uhl\u00edku a zv\u00fd\u0161en\u00ed obnoviteln\u00e9 integrace, bude flexibilita m\u0159\u00ed\u017eky kritick\u00e1.<\/p>\n<p>\u2705 Sni\u017ete tlak na nap\u00e1jec\u00ed m\u0159\u00ed\u017eku<br \/>\n\u2705 Zlep\u0161it \u00fa\u010dinnost spot\u0159eby obnoviteln\u00e9 energie<br \/>\n\u2705 Umo\u017enit majitel\u016fm vozidel se \u00fa\u010dastnit - a t\u011b\u017eit z - energetick\u00e9 ekonomiky<\/p>\n<p>Prost\u0159ednictv\u00edm pokra\u010duj\u00edc\u00edch inovac\u00ed, <strong>LCTC stav\u00ed z\u00e1klad pro chyt\u0159ej\u0161\u00ed energetick\u00e9 syst\u00e9my a \u010dist\u0161\u00ed mobilitu - jeden n\u00e1boj najednou<\/strong>.<\/p>\n<p>&nbsp;<\/p>\n<p>\u2014\u2014\u2014\u2014\u2014\u2014\u2014\u2014\u2014<\/p>\n<p><strong>O LCTC<\/strong><\/p>\n<p>LCTC poskytuje inteligentn\u00ed a spolehliv\u00e1 \u0159e\u0161en\u00ed nab\u00edjen\u00ed EV, kter\u00e1 podporuj\u00ed glob\u00e1ln\u00ed p\u0159echod na elektrickou mobilitu.<\/p>\n<p>Pro v\u00edce informac\u00ed n\u00e1s kontaktujte<br \/>\n\ud83c\udf10 www.lctc-group.com<br \/>\n\ud83d\udce7 hello@linkcharging.com<\/p>","protected":false},"excerpt":{"rendered":"<p>\u00a0April 2025 | Beijing, China &nbsp; As electric vehicle (EV) adoption accelerates, the need for smarter, more flexible energy infrastructure has never been greater. At LCTC, we\u2019re proud to be at the forefront of this transition, driving innovation in Vehicle-to-Grid (V2G) technology to help shape a more resilient and sustainable energy ecosystem. &nbsp; Why V2G [&hellip;]<\/p>","protected":false},"author":2,"featured_media":1889,"comment_status":"open","ping_status":"open","sticky":false,"template":"","format":"standard","meta":{"footnotes":""},"categories":[1,19],"tags":[],"class_list":["post-1886","post","type-post","status-publish","format-standard","has-post-thumbnail","hentry","category-newsblog","category-news"],"_links":{"self":[{"href":"https:\/\/www.lctc-group.com\/cs\/wp-json\/wp\/v2\/posts\/1886","targetHints":{"allow":["GET"]}}],"collection":[{"href":"https:\/\/www.lctc-group.com\/cs\/wp-json\/wp\/v2\/posts"}],"about":[{"href":"https:\/\/www.lctc-group.com\/cs\/wp-json\/wp\/v2\/types\/post"}],"author":[{"embeddable":true,"href":"https:\/\/www.lctc-group.com\/cs\/wp-json\/wp\/v2\/users\/2"}],"replies":[{"embeddable":true,"href":"https:\/\/www.lctc-group.com\/cs\/wp-json\/wp\/v2\/comments?post=1886"}],"version-history":[{"count":5,"href":"https:\/\/www.lctc-group.com\/cs\/wp-json\/wp\/v2\/posts\/1886\/revisions"}],"predecessor-version":[{"id":1895,"href":"https:\/\/www.lctc-group.com\/cs\/wp-json\/wp\/v2\/posts\/1886\/revisions\/1895"}],"wp:featuredmedia":[{"embeddable":true,"href":"https:\/\/www.lctc-group.com\/cs\/wp-json\/wp\/v2\/media\/1889"}],"wp:attachment":[{"href":"https:\/\/www.lctc-group.com\/cs\/wp-json\/wp\/v2\/media?parent=1886"}],"wp:term":[{"taxonomy":"category","embeddable":true,"href":"https:\/\/www.lctc-group.com\/cs\/wp-json\/wp\/v2\/categories?post=1886"},{"taxonomy":"post_tag","embeddable":true,"href":"https:\/\/www.lctc-group.com\/cs\/wp-json\/wp\/v2\/tags?post=1886"}],"curies":[{"name":"wp","href":"https:\/\/api.w.org\/{rel}","templated":true}]}}