{"id":107,"date":"2025-03-07T10:39:14","date_gmt":"2025-03-07T02:39:14","guid":{"rendered":"http:\/\/www.lctc-group.com\/?p=107"},"modified":"2025-03-28T12:28:40","modified_gmt":"2025-03-28T04:28:40","slug":"the-future-of-electric-vehicle-charging-navigating-the-path-to-sustainable-transportation","status":"publish","type":"post","link":"https:\/\/www.lctc-group.com\/de\/die-zukunft-des-aufladens-von-elektrofahrzeugen-auf-dem-weg-zum-nachhaltigen-verkehr\/","title":{"rendered":"Die Zukunft des Aufladens des Elektrofahrzeugs: Navigieren Sie den Weg zum nachhaltigen Transport"},"content":{"rendered":"<p><img decoding=\"async\" src=\"https:\/\/omo-oss-image.thefastimg.com\/portal-saas\/new2022062014104039585\/cms\/image\/1a9ceaa6-839c-4e5a-b1e6-ae82ac1264a4.png\" \/><\/p>\n<p><b><span lang=\"EN-US\">Der Anstieg von Elektrofahrzeugen (EVS) ist eine signifikante Verschiebung in der Art und Weise, wie wir \u00fcber den Transport und den Energieverbrauch nachdenken.<\/span><\/b>\u00a0<span lang=\"EN-US\">Da immer mehr Fahrer auf elektrische Umst\u00e4nde wechseln, wird der Fokus auf die Verbesserung der EV -Ladeinfrastruktur und -technologie immer wichtiger.<\/span><\/p>\n<p>&nbsp;<\/p>\n<p><span lang=\"EN-US\">Die EV -Lade -Technologie hat einen langen Weg aus ihren fr\u00fchen Tagen zur\u00fcckgelegt.<\/span><\/p>\n<p>&nbsp;<\/p>\n<p><span lang=\"EN-US\">Die j\u00fcngsten Fortschritte \u00fcberschreiten die Grenzen noch weiter.<\/span><\/p>\n<p>&nbsp;<\/p>\n<p><span lang=\"EN-US\">Die Erweiterung und Verbesserung des Netzwerks von Ladestationen ist entscheidend, um die wachsende Anzahl von Elektrofahrzeugen auf der Stra\u00dfe zu unterst\u00fctzen.<\/span><\/p>\n<p>&nbsp;<\/p>\n<p><span lang=\"EN-US\">Die Reise in Richtung eines vollst\u00e4ndig integrierten EV -Lade -Netzwerks umfasst auch die Behebung von Problemen wie Ladegeschwindigkeit, Verf\u00fcgbarkeit und Komfort.<\/span><\/p>\n<p>&nbsp;<\/p>\n<p><span lang=\"EN-US\">Da die Einf\u00fchrung von Elektrofahrzeugen weiter w\u00e4chst, ist die Zukunft der EV -Ladevorg\u00e4nge hell und voller Potenzial.<\/span><\/p>","protected":false},"excerpt":{"rendered":"<p>Der Anstieg von Elektrofahrzeugen (EVS) ist eine signifikante Verschiebung in der Art und Weise, wie wir \u00fcber den Transport und den Energieverbrauch nachdenken.\u00a0<\/p>","protected":false},"author":1,"featured_media":108,"comment_status":"open","ping_status":"open","sticky":false,"template":"","format":"standard","meta":{"footnotes":""},"categories":[1,20,31],"tags":[],"class_list":["post-107","post","type-post","status-publish","format-standard","has-post-thumbnail","hentry","category-newsblog","category-blog","category-s-series"],"_links":{"self":[{"href":"https:\/\/www.lctc-group.com\/de\/wp-json\/wp\/v2\/posts\/107","targetHints":{"allow":["GET"]}}],"collection":[{"href":"https:\/\/www.lctc-group.com\/de\/wp-json\/wp\/v2\/posts"}],"about":[{"href":"https:\/\/www.lctc-group.com\/de\/wp-json\/wp\/v2\/types\/post"}],"author":[{"embeddable":true,"href":"https:\/\/www.lctc-group.com\/de\/wp-json\/wp\/v2\/users\/1"}],"replies":[{"embeddable":true,"href":"https:\/\/www.lctc-group.com\/de\/wp-json\/wp\/v2\/comments?post=107"}],"version-history":[{"count":1,"href":"https:\/\/www.lctc-group.com\/de\/wp-json\/wp\/v2\/posts\/107\/revisions"}],"predecessor-version":[{"id":109,"href":"https:\/\/www.lctc-group.com\/de\/wp-json\/wp\/v2\/posts\/107\/revisions\/109"}],"wp:featuredmedia":[{"embeddable":true,"href":"https:\/\/www.lctc-group.com\/de\/wp-json\/wp\/v2\/media\/108"}],"wp:attachment":[{"href":"https:\/\/www.lctc-group.com\/de\/wp-json\/wp\/v2\/media?parent=107"}],"wp:term":[{"taxonomy":"category","embeddable":true,"href":"https:\/\/www.lctc-group.com\/de\/wp-json\/wp\/v2\/categories?post=107"},{"taxonomy":"post_tag","embeddable":true,"href":"https:\/\/www.lctc-group.com\/de\/wp-json\/wp\/v2\/tags?post=107"}],"curies":[{"name":"wp","href":"https:\/\/api.w.org\/{rel}","templated":true}]}}