{"id":1372,"date":"2024-09-25T13:43:18","date_gmt":"2024-09-25T05:43:18","guid":{"rendered":"http:\/\/www.lctc-group.com\/?p=1372"},"modified":"2025-09-18T18:23:54","modified_gmt":"2025-09-18T10:23:54","slug":"dos-cargadores-de-11kw-de-la-serie-h-instalados-en-un-aparcamiento-de-oelde-nordrhein-westfalen-alemania","status":"publish","type":"post","link":"https:\/\/www.lctc-group.com\/es\/two-11kw-h-series-chargers-installed-in-a-parking-lot-in-oelde-nordrhein-westfalen-germany\/","title":{"rendered":"Dos cargadores de la serie H de 11kW instalados en un estacionamiento en Oelde, Nordrhein-Westfalen, Alemania"},"content":{"rendered":"<p><img decoding=\"async\" id=\"1838760017397080064\" src=\"https:\/\/omo-oss-image.thefastimg.com\/portal-saas\/new2022062014104039585\/cms\/image\/d20b8926-fd58-4d5a-80e5-c7f2fe70e619.jpg\" \/><\/p>\n<p>&nbsp;<\/p>\n<p><strong>\ud83d\udd0bH-Serie \ud83d\udccdnordrhein-Westfalen, Alemania \ud83e\uddf0 Estacionamiento \ud83d\udcc52024<\/strong><\/p>\n<p>&nbsp;<\/p>\n<p><strong>Un estacionamiento en Oelde ha mejorado sus capacidades de carga de veh\u00edculos el\u00e9ctricos (EV) con la instalaci\u00f3n de dos cargadores H-Series 11kW.<\/strong><\/p>\n<p>&nbsp;<\/p>\n<p><strong>Desaf\u00edo<\/strong><br \/>\nLa gerencia del estacionamiento reconoci\u00f3 la creciente demanda de estaciones de carga EV en el \u00e1rea y necesitaba una soluci\u00f3n que pudiera soportar eficientemente m\u00faltiples veh\u00edculos al tiempo que garantiza tiempos de carga r\u00e1pidos.<\/p>\n<p>&nbsp;<\/p>\n<p><strong>Soluci\u00f3n<\/strong><br \/>\nEn 2024, se instalaron dos cargadores de 11kW de la serie H, proporcionando una soluci\u00f3n de carga robusta y eficiente.<\/p>\n<p>&nbsp;<\/p>\n<p><strong>Siguientes pasos<\/strong><br \/>\nEl estacionamiento ahora est\u00e1 completamente operativo con los nuevos cargadores, y la gerencia est\u00e1 monitoreando el uso para evaluar el potencial de futuras expansiones basadas en la demanda.<\/p>","protected":false},"excerpt":{"rendered":"<p>&nbsp; \ud83d\udd0bH-series \u00a0 \u00a0\ud83d\udccdNordrhein-Westfalen, Germany\u00a0\u00a0\u00a0\u00a0\ud83e\uddf0\u00a0Parking Lot\u00a0 \u00a0\ud83d\udcc52024 &nbsp; A parking lot in Oelde has enhanced its electric vehicle (EV) charging capabilities with the installation of two H-Series 11kW chargers. &nbsp; Challenge The parking lot management recognized the increasing demand for EV charging stations in the area and needed a solution that could efficiently support multiple [&hellip;]<\/p>\n","protected":false},"author":1,"featured_media":1373,"comment_status":"open","ping_status":"open","sticky":false,"template":"","format":"standard","meta":{"footnotes":""},"categories":[26,34],"tags":[],"class_list":["post-1372","post","type-post","status-publish","format-standard","has-post-thumbnail","hentry","category-solutions","category-h-series"],"_links":{"self":[{"href":"https:\/\/www.lctc-group.com\/es\/wp-json\/wp\/v2\/posts\/1372","targetHints":{"allow":["GET"]}}],"collection":[{"href":"https:\/\/www.lctc-group.com\/es\/wp-json\/wp\/v2\/posts"}],"about":[{"href":"https:\/\/www.lctc-group.com\/es\/wp-json\/wp\/v2\/types\/post"}],"author":[{"embeddable":true,"href":"https:\/\/www.lctc-group.com\/es\/wp-json\/wp\/v2\/users\/1"}],"replies":[{"embeddable":true,"href":"https:\/\/www.lctc-group.com\/es\/wp-json\/wp\/v2\/comments?post=1372"}],"version-history":[{"count":1,"href":"https:\/\/www.lctc-group.com\/es\/wp-json\/wp\/v2\/posts\/1372\/revisions"}],"predecessor-version":[{"id":1374,"href":"https:\/\/www.lctc-group.com\/es\/wp-json\/wp\/v2\/posts\/1372\/revisions\/1374"}],"wp:featuredmedia":[{"embeddable":true,"href":"https:\/\/www.lctc-group.com\/es\/wp-json\/wp\/v2\/media\/1373"}],"wp:attachment":[{"href":"https:\/\/www.lctc-group.com\/es\/wp-json\/wp\/v2\/media?parent=1372"}],"wp:term":[{"taxonomy":"category","embeddable":true,"href":"https:\/\/www.lctc-group.com\/es\/wp-json\/wp\/v2\/categories?post=1372"},{"taxonomy":"post_tag","embeddable":true,"href":"https:\/\/www.lctc-group.com\/es\/wp-json\/wp\/v2\/tags?post=1372"}],"curies":[{"name":"wp","href":"https:\/\/api.w.org\/{rel}","templated":true}]}}