{"id":107,"date":"2025-03-07T10:39:14","date_gmt":"2025-03-07T02:39:14","guid":{"rendered":"http:\/\/www.lctc-group.com\/?p=107"},"modified":"2025-03-28T12:28:40","modified_gmt":"2025-03-28T04:28:40","slug":"the-future-of-electric-vehicle-charging-navigating-the-path-to-sustainable-transportation","status":"publish","type":"post","link":"https:\/\/www.lctc-group.com\/fi\/sahkoautojen-latauksen-tulevaisuus-navigointi-kestavan-liikenteen-tiella\/","title":{"rendered":"S\u00e4hk\u00f6ajoneuvojen lataamisen tulevaisuus: Polun navigointi kest\u00e4v\u00e4\u00e4n kuljetukseen"},"content":{"rendered":"<p><img decoding=\"async\" src=\"https:\/\/omo-oss-image.thefastimg.com\/portal-saas\/new2022062014104039585\/cms\/image\/1a9ceaa6-839c-4e5a-b1e6-ae82ac1264a4.png\" \/><\/p>\n<p><b><span lang=\"EN-US\">S\u00e4hk\u00f6ajoneuvojen nousu (EVS) merkitsee merkitt\u00e4v\u00e4\u00e4 muutosta tapaa, jolla ajattelemme kuljetusta ja energiankulutusta.<\/span><\/b>\u00a0<span lang=\"EN-US\">Kun useammat kuljettajat siirtyv\u00e4t s\u00e4hk\u00f6iseen, keskittyminen EV -latausinfrastruktuurin ja tekniikan parantamiseen tulee yh\u00e4 t\u00e4rke\u00e4mm\u00e4ksi.<\/span><\/p>\n<p>&nbsp;<\/p>\n<p><span lang=\"EN-US\">EV -lataustekniikka on kulunut kaukana alkuaikoistaan.<\/span><\/p>\n<p>&nbsp;<\/p>\n<p><span lang=\"EN-US\">Viimeaikaiset edistykset ajavat rajoja entisest\u00e4\u00e4n.<\/span><\/p>\n<p>&nbsp;<\/p>\n<p><span lang=\"EN-US\">Latausasemien verkon laajentaminen ja parantaminen on v\u00e4ltt\u00e4m\u00e4t\u00f6nt\u00e4 tiell\u00e4 olevien s\u00e4hk\u00f6ajoneuvojen kasvavan m\u00e4\u00e4r\u00e4n tukemiseksi.<\/span><\/p>\n<p>&nbsp;<\/p>\n<p><span lang=\"EN-US\">Matka kohti t\u00e4ysin integroitua EV -latausverkkoa k\u00e4sitt\u00e4\u00e4 my\u00f6s ongelmien, kuten latauksen nopeuden, saatavuuden ja mukavuuden, k\u00e4sitteleminen.<\/span><\/p>\n<p>&nbsp;<\/p>\n<p><span lang=\"EN-US\">Kun s\u00e4hk\u00f6ajoneuvojen k\u00e4ytt\u00f6\u00f6notto kasvaa edelleen, EV -latauksen tulevaisuus on valoisa ja t\u00e4ynn\u00e4 potentiaalia.<\/span><\/p>","protected":false},"excerpt":{"rendered":"<p>S\u00e4hk\u00f6ajoneuvojen nousu (EVS) merkitsee merkitt\u00e4v\u00e4\u00e4 muutosta tapaa, jolla ajattelemme kuljetusta ja energiankulutusta.\u00a0<\/p>","protected":false},"author":1,"featured_media":108,"comment_status":"open","ping_status":"open","sticky":false,"template":"","format":"standard","meta":{"footnotes":""},"categories":[1,20,31],"tags":[],"class_list":["post-107","post","type-post","status-publish","format-standard","has-post-thumbnail","hentry","category-newsblog","category-blog","category-s-series"],"_links":{"self":[{"href":"https:\/\/www.lctc-group.com\/fi\/wp-json\/wp\/v2\/posts\/107","targetHints":{"allow":["GET"]}}],"collection":[{"href":"https:\/\/www.lctc-group.com\/fi\/wp-json\/wp\/v2\/posts"}],"about":[{"href":"https:\/\/www.lctc-group.com\/fi\/wp-json\/wp\/v2\/types\/post"}],"author":[{"embeddable":true,"href":"https:\/\/www.lctc-group.com\/fi\/wp-json\/wp\/v2\/users\/1"}],"replies":[{"embeddable":true,"href":"https:\/\/www.lctc-group.com\/fi\/wp-json\/wp\/v2\/comments?post=107"}],"version-history":[{"count":1,"href":"https:\/\/www.lctc-group.com\/fi\/wp-json\/wp\/v2\/posts\/107\/revisions"}],"predecessor-version":[{"id":109,"href":"https:\/\/www.lctc-group.com\/fi\/wp-json\/wp\/v2\/posts\/107\/revisions\/109"}],"wp:featuredmedia":[{"embeddable":true,"href":"https:\/\/www.lctc-group.com\/fi\/wp-json\/wp\/v2\/media\/108"}],"wp:attachment":[{"href":"https:\/\/www.lctc-group.com\/fi\/wp-json\/wp\/v2\/media?parent=107"}],"wp:term":[{"taxonomy":"category","embeddable":true,"href":"https:\/\/www.lctc-group.com\/fi\/wp-json\/wp\/v2\/categories?post=107"},{"taxonomy":"post_tag","embeddable":true,"href":"https:\/\/www.lctc-group.com\/fi\/wp-json\/wp\/v2\/tags?post=107"}],"curies":[{"name":"wp","href":"https:\/\/api.w.org\/{rel}","templated":true}]}}