{"id":107,"date":"2025-03-07T10:39:14","date_gmt":"2025-03-07T02:39:14","guid":{"rendered":"http:\/\/www.lctc-group.com\/?p=107"},"modified":"2025-03-28T12:28:40","modified_gmt":"2025-03-28T04:28:40","slug":"the-future-of-electric-vehicle-charging-navigating-the-path-to-sustainable-transportation","status":"publish","type":"post","link":"https:\/\/www.lctc-group.com\/hu\/az-elektromos-jarmuvek-toltesenek-jovoje-a-fenntarthato-kozlekedes-fele-vezeto-uton\/","title":{"rendered":"Az elektromos j\u00e1rm\u0171vek t\u00f6lt\u00e9s\u00e9nek j\u00f6v\u0151je: a fenntarthat\u00f3 sz\u00e1ll\u00edt\u00e1shoz vezet\u0151 \u00fat navig\u00e1l\u00e1sa"},"content":{"rendered":"<p><img decoding=\"async\" src=\"https:\/\/omo-oss-image.thefastimg.com\/portal-saas\/new2022062014104039585\/cms\/image\/1a9ceaa6-839c-4e5a-b1e6-ae82ac1264a4.png\" \/><\/p>\n<p><b><span lang=\"EN-US\">Az elektromos j\u00e1rm\u0171vek (EVS) emelked\u00e9se jelent\u0151s v\u00e1ltoz\u00e1st jelent abban, ahogyan gondolkodunk a sz\u00e1ll\u00edt\u00e1sr\u00f3l \u00e9s az energiafogyaszt\u00e1sr\u00f3l.<\/span><\/b>\u00a0<span lang=\"EN-US\">Mivel egyre t\u00f6bb j\u00e1rm\u0171vezet\u0151 v\u00e1lt \u00e1t az elektromos v\u00e1lt\u00e1sra, az EV t\u00f6lt\u00e9si infrastrukt\u00fara \u00e9s a technol\u00f3gia jav\u00edt\u00e1s\u00e1ra \u00f6sszpontos\u00edtva egyre fontosabb\u00e1 v\u00e1lik.<\/span><\/p>\n<p>&nbsp;<\/p>\n<p><span lang=\"EN-US\">Az EV t\u00f6lt\u00e9si technol\u00f3gi\u00e1ja hossz\u00fa utat tett meg a korai napjait\u00f3l.<\/span><\/p>\n<p>&nbsp;<\/p>\n<p><span lang=\"EN-US\">A k\u00f6zelm\u00faltbeli el\u0151rel\u00e9p\u00e9sek tov\u00e1bb tolja a hat\u00e1rokat.<\/span><\/p>\n<p>&nbsp;<\/p>\n<p><span lang=\"EN-US\">A t\u00f6lt\u0151\u00e1llom\u00e1sok h\u00e1l\u00f3zat\u00e1nak b\u0151v\u00edt\u00e9se \u00e9s fejleszt\u00e9se elengedhetetlen az \u00faton l\u00e9v\u0151 n\u00f6vekv\u0151 elektromos j\u00e1rm\u0171vek t\u00e1mogat\u00e1s\u00e1hoz.<\/span><\/p>\n<p>&nbsp;<\/p>\n<p><span lang=\"EN-US\">A teljesen integr\u00e1lt EV t\u00f6lt\u00e9si h\u00e1l\u00f3zat fel\u00e9 vezet\u0151 \u00fat mag\u00e1ban foglalja a t\u00f6lt\u00e9si sebess\u00e9g, a rendelkez\u00e9sre \u00e1ll\u00e1s \u00e9s a k\u00e9nyelem, p\u00e9ld\u00e1ul a t\u00f6lt\u00e9si sebess\u00e9g \u00e9s a k\u00e9nyelem kezel\u00e9s\u00e9t is.<\/span><\/p>\n<p>&nbsp;<\/p>\n<p><span lang=\"EN-US\">Ahogy az elektromos j\u00e1rm\u0171vek elfogad\u00e1sa tov\u00e1bb n\u00f6vekszik, az EV -t\u00f6lt\u00e9s j\u00f6v\u0151je f\u00e9nyes \u00e9s tele van potenci\u00e1llal.<\/span><\/p>","protected":false},"excerpt":{"rendered":"<p>Az elektromos j\u00e1rm\u0171vek (EVS) emelked\u00e9se jelent\u0151s v\u00e1ltoz\u00e1st jelent abban, ahogyan gondolkodunk a sz\u00e1ll\u00edt\u00e1sr\u00f3l \u00e9s az energiafogyaszt\u00e1sr\u00f3l.\u00a0<\/p>","protected":false},"author":1,"featured_media":108,"comment_status":"open","ping_status":"open","sticky":false,"template":"","format":"standard","meta":{"footnotes":""},"categories":[1,20,31],"tags":[],"class_list":["post-107","post","type-post","status-publish","format-standard","has-post-thumbnail","hentry","category-newsblog","category-blog","category-s-series"],"_links":{"self":[{"href":"https:\/\/www.lctc-group.com\/hu\/wp-json\/wp\/v2\/posts\/107","targetHints":{"allow":["GET"]}}],"collection":[{"href":"https:\/\/www.lctc-group.com\/hu\/wp-json\/wp\/v2\/posts"}],"about":[{"href":"https:\/\/www.lctc-group.com\/hu\/wp-json\/wp\/v2\/types\/post"}],"author":[{"embeddable":true,"href":"https:\/\/www.lctc-group.com\/hu\/wp-json\/wp\/v2\/users\/1"}],"replies":[{"embeddable":true,"href":"https:\/\/www.lctc-group.com\/hu\/wp-json\/wp\/v2\/comments?post=107"}],"version-history":[{"count":1,"href":"https:\/\/www.lctc-group.com\/hu\/wp-json\/wp\/v2\/posts\/107\/revisions"}],"predecessor-version":[{"id":109,"href":"https:\/\/www.lctc-group.com\/hu\/wp-json\/wp\/v2\/posts\/107\/revisions\/109"}],"wp:featuredmedia":[{"embeddable":true,"href":"https:\/\/www.lctc-group.com\/hu\/wp-json\/wp\/v2\/media\/108"}],"wp:attachment":[{"href":"https:\/\/www.lctc-group.com\/hu\/wp-json\/wp\/v2\/media?parent=107"}],"wp:term":[{"taxonomy":"category","embeddable":true,"href":"https:\/\/www.lctc-group.com\/hu\/wp-json\/wp\/v2\/categories?post=107"},{"taxonomy":"post_tag","embeddable":true,"href":"https:\/\/www.lctc-group.com\/hu\/wp-json\/wp\/v2\/tags?post=107"}],"curies":[{"name":"wp","href":"https:\/\/api.w.org\/{rel}","templated":true}]}}