{"id":2618,"date":"2022-07-09T17:25:47","date_gmt":"2022-07-09T09:25:47","guid":{"rendered":"https:\/\/www.lctc-group.com\/?p=2618"},"modified":"2025-09-26T17:26:10","modified_gmt":"2025-09-26T09:26:10","slug":"22kw-h-series-charger-installed-on-a-pole-at-a-house-in-ghent-belgium-2","status":"publish","type":"post","link":"https:\/\/www.lctc-group.com\/is\/22kw-h-series-charger-installed-on-a-pole-at-a-house-in-ghent-belgium-2\/","title":{"rendered":"22kW H-ser\u00eduhle\u00f0slut\u00e6ki sett upp \u00e1 st\u00f6ng \u00ed h\u00fasi \u00ed Gent \u00ed Belg\u00edu"},"content":{"rendered":"<p><img fetchpriority=\"high\" decoding=\"async\" class=\"alignnone wp-image-2619\" src=\"http:\/\/www.lctc-group.com\/wp-content\/uploads\/2025\/09\/307f146a-2c20-4b20-a832-0e423a6ea772-225x300.jpg\" alt=\"\" width=\"396\" height=\"528\" srcset=\"https:\/\/www.lctc-group.com\/wp-content\/uploads\/2025\/09\/307f146a-2c20-4b20-a832-0e423a6ea772-225x300.jpg 225w, https:\/\/www.lctc-group.com\/wp-content\/uploads\/2025\/09\/307f146a-2c20-4b20-a832-0e423a6ea772-768x1024.jpg 768w, https:\/\/www.lctc-group.com\/wp-content\/uploads\/2025\/09\/307f146a-2c20-4b20-a832-0e423a6ea772-1152x1536.jpg 1152w, https:\/\/www.lctc-group.com\/wp-content\/uploads\/2025\/09\/307f146a-2c20-4b20-a832-0e423a6ea772-9x12.jpg 9w, https:\/\/www.lctc-group.com\/wp-content\/uploads\/2025\/09\/307f146a-2c20-4b20-a832-0e423a6ea772-600x800.jpg 600w, https:\/\/www.lctc-group.com\/wp-content\/uploads\/2025\/09\/307f146a-2c20-4b20-a832-0e423a6ea772.jpg 1280w\" sizes=\"(max-width: 396px) 100vw, 396px\" \/><\/p>\n<p><strong>\ud83d\udd0bh-ser\u00edur \ud83d\udccdghent, Belg\u00eda \ud83e\uddf0 Heim \ud83d\udcc52022<\/strong><\/p>\n<p>&nbsp;<\/p>\n<p><strong>H\u00faseigandi \u00ed Gent hefur uppf\u00e6rt EV hle\u00f0sluuppsetninguna s\u00edna me\u00f0 uppsetningu \u00e1 einni H-ser\u00edu 22kW hle\u00f0slut\u00e6ki sem er festur \u00e1 st\u00f6ng.<\/strong><\/p>\n<p>&nbsp;<\/p>\n<p><strong>\u00c1skorun<\/strong><br \/>\nVi\u00f0skiptavinurinn \u00feurfti samningur en \u00f6flugur EV hle\u00f0slut\u00e6ki sem au\u00f0velt v\u00e6ri a\u00f0 setja upp fyrir utan h\u00fasi\u00f0 sitt og vi\u00f0halda fagurfr\u00e6\u00f0i a\u00f0 utan.<\/p>\n<p>&nbsp;<\/p>\n<p><strong>Lausn<\/strong><br \/>\n\u00c1ri\u00f0 2022 var H-ser\u00edan 22kW hle\u00f0slut\u00e6ki sett upp \u00e1 s\u00e9rsni\u00f0num st\u00f6ng og bau\u00f0 h\u00faseigandanum hratt og skilvirkt hle\u00f0slu.<\/p>\n<p>\u201eHle\u00f0slut\u00e6ki\u00f0 passar fullkomlega vi\u00f0 \u00fearfir okkar og st\u00f6ng uppsetningin bjarga\u00f0i r\u00fdmi me\u00f0an hann bau\u00f0 upp \u00e1 \u00f6fluga hle\u00f0slu,\u201c sag\u00f0i h\u00faseigandinn.<\/p>\n<p>&nbsp;<\/p>\n<p><strong>N\u00e6stu skref<\/strong><br \/>\nH\u00faseigandinn n\u00fdtur n\u00fa h\u00e1hra\u00f0a hle\u00f0sluupplifunar heima og 22kW hle\u00f0slut\u00e6ki\u00f0 veitir \u00e1rei\u00f0anlega lausn fyrir rafkn\u00fai\u00f0 \u00f6kut\u00e6ki sitt.<\/p>","protected":false},"excerpt":{"rendered":"<p>\ud83d\udd0bH-series \u00a0 \u00a0\ud83d\udccdGhent, Belgium\u00a0\u00a0\u00a0\u00a0\ud83e\uddf0\u00a0Home\u00a0 \u00a0\ud83d\udcc52022 &nbsp; A homeowner in Ghent has upgraded their EV charging setup with the installation of a single H-Series 22kW charger mounted on a pole. &nbsp; Challenge The customer required a compact yet powerful EV charger that could be easily installed outside their house while maintaining the aesthetic of the home\u2019s [&hellip;]<\/p>","protected":false},"author":2,"featured_media":2619,"comment_status":"open","ping_status":"open","sticky":false,"template":"","format":"standard","meta":{"footnotes":""},"categories":[34],"tags":[],"class_list":["post-2618","post","type-post","status-publish","format-standard","has-post-thumbnail","hentry","category-h-series"],"_links":{"self":[{"href":"https:\/\/www.lctc-group.com\/is\/wp-json\/wp\/v2\/posts\/2618","targetHints":{"allow":["GET"]}}],"collection":[{"href":"https:\/\/www.lctc-group.com\/is\/wp-json\/wp\/v2\/posts"}],"about":[{"href":"https:\/\/www.lctc-group.com\/is\/wp-json\/wp\/v2\/types\/post"}],"author":[{"embeddable":true,"href":"https:\/\/www.lctc-group.com\/is\/wp-json\/wp\/v2\/users\/2"}],"replies":[{"embeddable":true,"href":"https:\/\/www.lctc-group.com\/is\/wp-json\/wp\/v2\/comments?post=2618"}],"version-history":[{"count":1,"href":"https:\/\/www.lctc-group.com\/is\/wp-json\/wp\/v2\/posts\/2618\/revisions"}],"predecessor-version":[{"id":2620,"href":"https:\/\/www.lctc-group.com\/is\/wp-json\/wp\/v2\/posts\/2618\/revisions\/2620"}],"wp:featuredmedia":[{"embeddable":true,"href":"https:\/\/www.lctc-group.com\/is\/wp-json\/wp\/v2\/media\/2619"}],"wp:attachment":[{"href":"https:\/\/www.lctc-group.com\/is\/wp-json\/wp\/v2\/media?parent=2618"}],"wp:term":[{"taxonomy":"category","embeddable":true,"href":"https:\/\/www.lctc-group.com\/is\/wp-json\/wp\/v2\/categories?post=2618"},{"taxonomy":"post_tag","embeddable":true,"href":"https:\/\/www.lctc-group.com\/is\/wp-json\/wp\/v2\/tags?post=2618"}],"curies":[{"name":"wp","href":"https:\/\/api.w.org\/{rel}","templated":true}]}}