{"id":902,"date":"2025-03-25T14:32:12","date_gmt":"2025-03-25T06:32:12","guid":{"rendered":"http:\/\/www.lctc-group.com\/?p=902"},"modified":"2025-03-25T14:32:12","modified_gmt":"2025-03-25T06:32:12","slug":"e-series-eu-standard-ac-22kw-ev-charger-without-cable","status":"publish","type":"post","link":"https:\/\/www.lctc-group.com\/is\/e-series-eu-standard-ac-22kw-ev-charger-without-cable\/","title":{"rendered":"E-r\u00f6\u00f0 ESB Standard AC 22KW EV hle\u00f0slut\u00e6ki, \u00e1n kapals"},"content":{"rendered":"<p>E -ser\u00edan 22kW AC EV hle\u00f0slut\u00e6ki er rafhle\u00f0slust\u00f6\u00f0 sem er s\u00e9rstaklega h\u00f6nnu\u00f0 til notkunar heima e\u00f0a \u00ed atvinnuskyni til a\u00f0 hla\u00f0a rafkn\u00fain \u00f6kut\u00e6ki (EVs) me\u00f0 AC (skiptisstraum) aflgjafa.<br \/>\nE -ser\u00edan 22K AC EV hle\u00f0slut\u00e6ki veitir hle\u00f0slukraft allt a\u00f0 22 kilowatt (W).<br \/>\nE 22KW AC EV hle\u00f0slut\u00e6ki\u00f0 er venjulega me\u00f0 tegund 2 tengi, sem er sameiginlegur sta\u00f0all fyrir AC hle\u00f0slu Evr\u00f3pu.<br \/>\nE Series 22KW AC EV hle\u00f0slut\u00e6ki er samh\u00e6ft vi\u00f0 flest rafkn\u00fain \u00f6kut\u00e6ki sem eru \u00fatb\u00fain hle\u00f0sluinntak af tegund 2.<br \/>\nHle\u00f0slut\u00e6ki\u00f0 sty\u00f0ur venjulega mismunandi hle\u00f0slustillingar eins og Mode 3 e\u00f0a Mode 4. 3 er venjulegur hle\u00f0sluhamur fyrir hle\u00f0slu heima, en Mode4 er hra\u00f0ari hle\u00f0sluhamur sem nota\u00f0ur er \u00ed atvinnuskyni e\u00f0a opinberri hle\u00f0slu.<br \/>\nR\u00f6\u00f0in 22kW AC hle\u00f0slut\u00e6ki inniheldur venjulega notendav\u00e6nt vi\u00f0m\u00f3t me\u00f0 LCD skj\u00e1 e\u00f0a LED v\u00edsbendingum, sem gerir notendum kleift a\u00f0 fylgjast me\u00f0 hle\u00f0sluferlinu, stilla hle\u00f0slustillingar og sko\u00f0a hle\u00f0slust\u00f6\u00f0u.<br \/>\nHle\u00f0slut\u00e6ki\u00f0 er b\u00fai\u00f0 \u00fdmsum \u00f6ryggisa\u00f0ger\u00f0um eins og n\u00faverandi ofhle\u00f0slu, verndun yfirspennu, verndarv\u00f6rn og greining \u00e1 bilun \u00e1 j\u00f6r\u00f0u ni\u00f0ri til a\u00f0 tryggja \u00f6rugga og \u00e1rei\u00f0anlega hle\u00f0slu.<br \/>\nE -ser\u00edan 22kW AC EV hle\u00f0slut\u00e6ki krefst uppsetningar hj\u00e1 h\u00e6fum rafvirkjara.<br \/>\nMikilv\u00e6gt er a\u00f0 hafa \u00ed huga a\u00f0 uppl\u00fdsingar og eiginleikar E Series 22KW AC EV hle\u00f0slut\u00e6kisins geta veri\u00f0 mismunandi eftir framlei\u00f0anda og l\u00edkan. M\u00e6lt me\u00f0 \u00fev\u00ed a\u00f0 v\u00edsa til v\u00f6ruskjala r\u00e1\u00f0f\u00e6ra sig vi\u00f0 framlei\u00f0andann e\u00f0a l\u00f6ggiltan s\u00f6lua\u00f0ila til a\u00f0 f\u00e1 n\u00e1kv\u00e6mar uppl\u00fdsingar.<\/p>\n<p><img decoding=\"async\" id=\"1700032373940772864\" src=\"https:\/\/omo-oss-image.thefastimg.com\/portal-saas\/new2022062014104039585\/cms\/image\/a5b81425-57f5-4a10-a96c-ed9d68d9ec52.jpg\" \/><img decoding=\"async\" id=\"1700032374959988736\" src=\"https:\/\/omo-oss-image.thefastimg.com\/portal-saas\/new2022062014104039585\/cms\/image\/d7720632-c862-4ebe-ac2a-189fcf07cde0.png\" \/><\/p>","protected":false},"excerpt":{"rendered":"<p>E -ser\u00edan 22kW AC EV hle\u00f0slut\u00e6ki er rafhle\u00f0slust\u00f6\u00f0 sem er s\u00e9rstaklega h\u00f6nnu\u00f0 til notkunar heima e\u00f0a \u00ed atvinnuskyni til a\u00f0 hla\u00f0a rafkn\u00fain \u00f6kut\u00e6ki (EVs) me\u00f0 AC (skiptisstraum) aflgjafa.<\/p>","protected":false},"author":1,"featured_media":903,"comment_status":"open","ping_status":"open","sticky":false,"template":"","format":"standard","meta":{"footnotes":""},"categories":[28],"tags":[],"class_list":["post-902","post","type-post","status-publish","format-standard","has-post-thumbnail","hentry","category-oemodm"],"_links":{"self":[{"href":"https:\/\/www.lctc-group.com\/is\/wp-json\/wp\/v2\/posts\/902","targetHints":{"allow":["GET"]}}],"collection":[{"href":"https:\/\/www.lctc-group.com\/is\/wp-json\/wp\/v2\/posts"}],"about":[{"href":"https:\/\/www.lctc-group.com\/is\/wp-json\/wp\/v2\/types\/post"}],"author":[{"embeddable":true,"href":"https:\/\/www.lctc-group.com\/is\/wp-json\/wp\/v2\/users\/1"}],"replies":[{"embeddable":true,"href":"https:\/\/www.lctc-group.com\/is\/wp-json\/wp\/v2\/comments?post=902"}],"version-history":[{"count":1,"href":"https:\/\/www.lctc-group.com\/is\/wp-json\/wp\/v2\/posts\/902\/revisions"}],"predecessor-version":[{"id":904,"href":"https:\/\/www.lctc-group.com\/is\/wp-json\/wp\/v2\/posts\/902\/revisions\/904"}],"wp:featuredmedia":[{"embeddable":true,"href":"https:\/\/www.lctc-group.com\/is\/wp-json\/wp\/v2\/media\/903"}],"wp:attachment":[{"href":"https:\/\/www.lctc-group.com\/is\/wp-json\/wp\/v2\/media?parent=902"}],"wp:term":[{"taxonomy":"category","embeddable":true,"href":"https:\/\/www.lctc-group.com\/is\/wp-json\/wp\/v2\/categories?post=902"},{"taxonomy":"post_tag","embeddable":true,"href":"https:\/\/www.lctc-group.com\/is\/wp-json\/wp\/v2\/tags?post=902"}],"curies":[{"name":"wp","href":"https:\/\/api.w.org\/{rel}","templated":true}]}}