{"id":922,"date":"2025-03-25T14:37:39","date_gmt":"2025-03-25T06:37:39","guid":{"rendered":"http:\/\/www.lctc-group.com\/?p=922"},"modified":"2025-03-25T14:37:39","modified_gmt":"2025-03-25T06:37:39","slug":"h-series-eu-standard-ac-22kw-ev-charger-without-cable","status":"publish","type":"post","link":"https:\/\/www.lctc-group.com\/is\/h-series-eu-standard-ac-22kw-ev-charger-without-cable\/","title":{"rendered":"H-ser\u00edur ESB Standard AC 22KW EV hle\u00f0slut\u00e6ki, \u00e1n kapals"},"content":{"rendered":"<p>H-r\u00f6\u00f0 ESB Standard AC 22KW EV hle\u00f0slut\u00e6ki \u00e1n kapals er s\u00e9rst\u00f6k fyrirmynd rafkn\u00fainna \u00f6kut\u00e6kishle\u00f0slut\u00e6ki sem er hanna\u00f0 fyrir evr\u00f3pska marka\u00f0i.<\/p>\n<p>H-r\u00f6\u00f0 ESB Standard AC 22KW EV hle\u00f0slut\u00e6ki\u00f0 b\u00fd\u00f0ur upp \u00e1 h\u00e1marksafk\u00f6st 22 kilowatt, sem veitir tilt\u00f6lulega hratt hle\u00f0sluhra\u00f0a fyrir rafkn\u00fain \u00f6kut\u00e6ki.<\/p>\n<p>\u00d3l\u00edkt sumum \u00f6\u00f0rum hle\u00f0slut\u00e6kjum, er H-r\u00f6\u00f0 ESB Standard AC 22KW EV hle\u00f0slut\u00e6ki ekki me\u00f0 innbygg\u00f0a hle\u00f0slusn\u00faru.<\/p>\n<p>\u00d6ryggisa\u00f0ger\u00f0ir eru mikilv\u00e6gur \u00fe\u00e1ttur \u00ed hle\u00f0slu EV og b\u00faist er vi\u00f0 a\u00f0 H-r\u00f6\u00f0 hle\u00f0slut\u00e6kisins muni fela \u00ed s\u00e9r sta\u00f0la\u00f0ar \u00f6ryggisr\u00e1\u00f0stafanir svo sem yfirstraumvernd, verndun yfirspennu, verndun skammhlaups og bilunar \u00e1 j\u00f6r\u00f0u ni\u00f0ri til a\u00f0 tryggja \u00f6rugga og \u00e1rei\u00f0anlega hle\u00f0slu.<\/p>\n<p>\u00dea\u00f0 er mikilv\u00e6gt a\u00f0 hafa samr\u00e1\u00f0 vi\u00f0 framlei\u00f0anda e\u00f0a dreifingara\u00f0ila H-r\u00f6\u00f0 ESB Standard AC 22KW EV hle\u00f0slut\u00e6ki \u00e1n kapals til a\u00f0 f\u00e1 s\u00e9rstakar uppl\u00fdsingar um v\u00f6runa \u00fear sem eiginleikar og forskriftir geta veri\u00f0 mismunandi.<\/p>","protected":false},"excerpt":{"rendered":"<p>H-r\u00f6\u00f0 ESB Standard AC 22KW EV hle\u00f0slut\u00e6ki \u00e1n kapals er s\u00e9rst\u00f6k fyrirmynd rafkn\u00fainna \u00f6kut\u00e6kishle\u00f0slut\u00e6ki sem er hanna\u00f0 fyrir evr\u00f3pska marka\u00f0i.<\/p>","protected":false},"author":1,"featured_media":918,"comment_status":"open","ping_status":"open","sticky":false,"template":"","format":"standard","meta":{"footnotes":""},"categories":[28],"tags":[],"class_list":["post-922","post","type-post","status-publish","format-standard","has-post-thumbnail","hentry","category-oemodm"],"_links":{"self":[{"href":"https:\/\/www.lctc-group.com\/is\/wp-json\/wp\/v2\/posts\/922","targetHints":{"allow":["GET"]}}],"collection":[{"href":"https:\/\/www.lctc-group.com\/is\/wp-json\/wp\/v2\/posts"}],"about":[{"href":"https:\/\/www.lctc-group.com\/is\/wp-json\/wp\/v2\/types\/post"}],"author":[{"embeddable":true,"href":"https:\/\/www.lctc-group.com\/is\/wp-json\/wp\/v2\/users\/1"}],"replies":[{"embeddable":true,"href":"https:\/\/www.lctc-group.com\/is\/wp-json\/wp\/v2\/comments?post=922"}],"version-history":[{"count":1,"href":"https:\/\/www.lctc-group.com\/is\/wp-json\/wp\/v2\/posts\/922\/revisions"}],"predecessor-version":[{"id":923,"href":"https:\/\/www.lctc-group.com\/is\/wp-json\/wp\/v2\/posts\/922\/revisions\/923"}],"wp:featuredmedia":[{"embeddable":true,"href":"https:\/\/www.lctc-group.com\/is\/wp-json\/wp\/v2\/media\/918"}],"wp:attachment":[{"href":"https:\/\/www.lctc-group.com\/is\/wp-json\/wp\/v2\/media?parent=922"}],"wp:term":[{"taxonomy":"category","embeddable":true,"href":"https:\/\/www.lctc-group.com\/is\/wp-json\/wp\/v2\/categories?post=922"},{"taxonomy":"post_tag","embeddable":true,"href":"https:\/\/www.lctc-group.com\/is\/wp-json\/wp\/v2\/tags?post=922"}],"curies":[{"name":"wp","href":"https:\/\/api.w.org\/{rel}","templated":true}]}}