{"id":2107,"date":"2025-06-11T12:59:36","date_gmt":"2025-06-11T04:59:36","guid":{"rendered":"https:\/\/www.lctc-group.com\/?p=2107"},"modified":"2025-06-11T13:11:13","modified_gmt":"2025-06-11T05:11:13","slug":"meet-lctc-at-evs38","status":"publish","type":"post","link":"https:\/\/www.lctc-group.com\/pt\/conhecer-o-lctc-no-evs38\/","title":{"rendered":"Conhe\u00e7a o LCTC no EVS 38"},"content":{"rendered":"<p style=\"text-align: center;\" data-start=\"106\" data-end=\"136\"><em>junho de 2025 | Pequim, China<\/em><\/p>\n<p data-start=\"106\" data-end=\"136\"><em><strong data-start=\"106\" data-end=\"136\">\u00a0<\/strong><\/em><\/p>\n<p data-start=\"138\" data-end=\"417\">O LCTC tem o prazer de anunciar a sua participa\u00e7\u00e3o no\u00a0<strong data-start=\"187\" data-end=\"196\">EVS 38<\/strong>\u00a0- o 38\u00ba Simp\u00f3sio e Exposi\u00e7\u00e3o Internacional de Ve\u00edculos El\u00e9ctricos, um dos mais prestigiados eventos mundiais da ind\u00fastria da mobilidade el\u00e9ctrica. A exposi\u00e7\u00e3o realizar-se-\u00e1 de\u00a0<strong data-start=\"369\" data-end=\"389\">15 a 18 de junho de 2025<\/strong>, em\u00a0<strong data-start=\"394\" data-end=\"416\">Gotemburgo, Su\u00e9cia<\/strong>.<\/p>\n<p data-start=\"419\" data-end=\"449\">\ud83d\udccd\u00a0<strong data-start=\"422\" data-end=\"449\">Encontre-nos no stand C08-03<\/strong><\/p>\n<p data-start=\"451\" data-end=\"590\">No EVS38, a LCTC apresentar\u00e1 um portf\u00f3lio com curadoria de solu\u00e7\u00f5es de carregamento AC projetadas para o cen\u00e1rio de mobilidade em r\u00e1pida evolu\u00e7\u00e3o de hoje, incluindo:<\/p>\n<p data-start=\"592\" data-end=\"837\">\ud83d\udd39\u00a0<strong data-start=\"595\" data-end=\"607\">S\u00e9rie H.<\/strong>\u00a0- Seguro, est\u00e1vel e ideal para carregamento residencial e comercial<br data-start=\"661\" data-end=\"664\" \/>\ud83d\udd39\u00a0<strong data-start=\"667\" data-end=\"680\">S\u00e9rie HC<\/strong>\u00a0- Design elegante com alto desempenho e desempenho de alto custo<br data-start=\"749\" data-end=\"752\" \/>\ud83d\udd39\u00a0<strong data-start=\"755\" data-end=\"767\">S\u00e9rie C.<\/strong>\u00a0- Design compacto para uma instala\u00e7\u00e3o f\u00e1cil, opera\u00e7\u00e3o simples e f\u00e1cil de utilizar<\/p>\n<p data-start=\"839\" data-end=\"1001\">Com foco em\u00a0<strong data-start=\"855\" data-end=\"924\">conce\u00e7\u00e3o inteligente, conetividade e conformidade com normas globais<\/strong>A LCTC est\u00e1 a ajudar os parceiros a construir infra-estruturas de carregamento mais inteligentes e escal\u00e1veis.<\/p>\n<blockquote data-start=\"1003\" data-end=\"1282\">\n<p data-start=\"1005\" data-end=\"1282\">\"O EVS \u00e9 mais do que uma exposi\u00e7\u00e3o - \u00e9 o local onde o ecossistema global de ve\u00edculos el\u00e9ctricos se re\u00fane para partilhar os progressos e definir o que est\u00e1 para vir\", afirmou\u00a0<strong data-start=\"1129\" data-end=\"1138\">Wison<\/strong>, Diretor Executivo do LCTC.<br data-start=\"1152\" data-end=\"1155\" \/>\"Estamos orgulhosos de trazer a nossa tecnologia e vis\u00e3o para o palco europeu e esperamos estabelecer novas parcerias no EVS 38.\"<\/p>\n<\/blockquote>\n<p data-start=\"1284\" data-end=\"1453\">Atualmente, o LCTC opera instala\u00e7\u00f5es de fabrica\u00e7\u00e3o em\u00a0<strong data-start=\"1336\" data-end=\"1379\">Jiaxing, Guangzhou, Xi'an e Mianyang<\/strong>garantindo uma produ\u00e7\u00e3o flex\u00edvel e uma entrega fi\u00e1vel em mais de 30 pa\u00edses.<\/p>\n<p data-start=\"1455\" data-end=\"1600\">Quer seja um\u00a0<strong data-start=\"1472\" data-end=\"1528\">CPO, operador de frota, integrador de energia ou marca OEM<\/strong>Convidamo-lo a explorar o futuro do carregamento de ve\u00edculos el\u00e9ctricos - com o apoio da LCTC.<\/p>\n<h3 data-start=\"1607\" data-end=\"1621\"><\/h3>\n<h3 data-start=\"1607\" data-end=\"1621\">&#8212;&#8212;&#8212;&#8212;&#8212;&#8212;<\/h3>\n<h3 data-start=\"1607\" data-end=\"1621\">Sobre o LCTC<\/h3>\n<p data-start=\"1623\" data-end=\"1880\"><strong data-start=\"1623\" data-end=\"1631\">LCTC<\/strong>\u00a0fornece solu\u00e7\u00f5es de carregamento de EV inteligentes e fi\u00e1veis que apoiam a transi\u00e7\u00e3o global para a mobilidade el\u00e9ctrica. Com forte P&amp;D, fabrica\u00e7\u00e3o escal\u00e1vel e capacidades de servi\u00e7os internacionais, a LCTC ajuda os parceiros a construir uma infraestrutura de carregamento pronta para o futuro.<\/p>\n<p data-start=\"1882\" data-end=\"1939\">\ud83c\udf10\u00a0<strong data-start=\"1885\" data-end=\"1907\"><a class=\"\" href=\"http:\/\/www.lctc-group.com\/pt\/\" target=\"_new\" rel=\"noopener\" data-start=\"1887\" data-end=\"1905\">www.lctc-group.com<\/a><\/strong><br data-start=\"1907\" data-end=\"1910\" \/>\ud83d\udce7\u00a0<strong data-start=\"1913\" data-end=\"1939\"><a class=\"cursor-pointer\" rel=\"noopener\" data-start=\"1915\" data-end=\"1937\">hello@linkcharging.com<\/a><\/strong><\/p>","protected":false},"excerpt":{"rendered":"<p>junho de 2025 | Pequim, China A LCTC tem o prazer de anunciar nossa participa\u00e7\u00e3o no EVS 38 - o 38\u00ba Simp\u00f3sio e Exposi\u00e7\u00e3o Internacional de Ve\u00edculos El\u00e9tricos, um dos eventos globais de maior prest\u00edgio na ind\u00fastria de mobilidade eletr\u00f4nica. A exposi\u00e7\u00e3o ocorrer\u00e1 de 15 a 18 de junho de 2025, em Gotemburgo, Su\u00e9cia. \ud83d\udccd Encontre-nos no estande C08-03 No EVS38, o LCTC apresentar\u00e1 um [...]<\/p>","protected":false},"author":2,"featured_media":2104,"comment_status":"open","ping_status":"open","sticky":false,"template":"","format":"standard","meta":{"footnotes":""},"categories":[1,19],"tags":[],"class_list":["post-2107","post","type-post","status-publish","format-standard","has-post-thumbnail","hentry","category-newsblog","category-news"],"_links":{"self":[{"href":"https:\/\/www.lctc-group.com\/pt\/wp-json\/wp\/v2\/posts\/2107","targetHints":{"allow":["GET"]}}],"collection":[{"href":"https:\/\/www.lctc-group.com\/pt\/wp-json\/wp\/v2\/posts"}],"about":[{"href":"https:\/\/www.lctc-group.com\/pt\/wp-json\/wp\/v2\/types\/post"}],"author":[{"embeddable":true,"href":"https:\/\/www.lctc-group.com\/pt\/wp-json\/wp\/v2\/users\/2"}],"replies":[{"embeddable":true,"href":"https:\/\/www.lctc-group.com\/pt\/wp-json\/wp\/v2\/comments?post=2107"}],"version-history":[{"count":3,"href":"https:\/\/www.lctc-group.com\/pt\/wp-json\/wp\/v2\/posts\/2107\/revisions"}],"predecessor-version":[{"id":2111,"href":"https:\/\/www.lctc-group.com\/pt\/wp-json\/wp\/v2\/posts\/2107\/revisions\/2111"}],"wp:featuredmedia":[{"embeddable":true,"href":"https:\/\/www.lctc-group.com\/pt\/wp-json\/wp\/v2\/media\/2104"}],"wp:attachment":[{"href":"https:\/\/www.lctc-group.com\/pt\/wp-json\/wp\/v2\/media?parent=2107"}],"wp:term":[{"taxonomy":"category","embeddable":true,"href":"https:\/\/www.lctc-group.com\/pt\/wp-json\/wp\/v2\/categories?post=2107"},{"taxonomy":"post_tag","embeddable":true,"href":"https:\/\/www.lctc-group.com\/pt\/wp-json\/wp\/v2\/tags?post=2107"}],"curies":[{"name":"wp","href":"https:\/\/api.w.org\/{rel}","templated":true}]}}