{"id":97,"date":"2025-03-07T10:36:03","date_gmt":"2025-03-07T02:36:03","guid":{"rendered":"http:\/\/www.lctc-group.com\/?p=97"},"modified":"2025-03-28T12:29:25","modified_gmt":"2025-03-28T04:29:25","slug":"the-future-of-transportation-understanding-electric-vehicle-charging-stations","status":"publish","type":"post","link":"https:\/\/www.lctc-group.com\/ro\/viitorul-transportului-prin-intelegerea-statiilor-de-incarcare-a-vehiculelor-electrice\/","title":{"rendered":"Viitorul transportului: \u00een\u021belegerea sta\u021biilor de \u00eenc\u0103rcare a vehiculelor electrice"},"content":{"rendered":"<p><img decoding=\"async\" id=\"1826446288601739264\" src=\"https:\/\/omo-oss-image.thefastimg.com\/portal-saas\/new2022062014104039585\/cms\/image\/1a9ceaa6-839c-4e5a-b1e6-ae82ac1264a4.png\" \/><\/p>\n<p><b><span lang=\"EN-US\">Pe m\u0103sur\u0103 ce lumea pivoteaz\u0103 spre sustenabilitate, vehiculele electrice (EV) au ap\u0103rut ca o component\u0103 pivotant\u0103 \u00een reducerea amprentei noastre de carbon.<\/span><\/b><span lang=\"EN-US\">\u00a0\u00cen centrul acestei transform\u0103ri se afl\u0103 sta\u021bii de \u00eenc\u0103rcare a vehiculelor electrice, infrastructur\u0103 esen\u021bial\u0103 care sus\u021bine adoptarea \u0219i practicarea EV -urilor.<\/span><\/p>\n<p>&nbsp;<\/p>\n<p><span lang=\"EN-US\">Sta\u021biile de \u00eenc\u0103rcare a vehiculelor electrice sunt facilit\u0103\u021bi specializate \u00een care EV -urile pot fi re\u00eenc\u0103rcate.<\/span><\/p>\n<p>&nbsp;<\/p>\n<p><span lang=\"EN-US\">Sta\u021biile de \u00eenc\u0103rcare sunt clasificate \u00een diferite niveluri \u00een func\u021bie de viteza \u0219i capacitatea lor de \u00eenc\u0103rcare.<\/span><\/p>\n<p>&nbsp;<\/p>\n<p><span lang=\"EN-US\">Infrastructura sta\u021biilor de \u00eenc\u0103rcare se extinde rapid.<\/span><\/p>\n<p>&nbsp;<\/p>\n<p><span lang=\"EN-US\">Impactul sta\u021biilor de \u00eenc\u0103rcare a vehiculelor electrice se extinde dincolo de comoditatea individual\u0103.<\/span><\/p>\n<p>&nbsp;<\/p>\n<p><span lang=\"EN-US\">Viitorul sta\u021biilor de \u00eenc\u0103rcare a vehiculelor electrice pare promi\u021b\u0103tor.<\/span><\/p>\n<p>&nbsp;<\/p>\n<p><span lang=\"EN-US\">\u00cen concluzie, sta\u021biile de \u00eenc\u0103rcare a vehiculelor electrice sunt mai mult dec\u00e2t o simpl\u0103 comoditate;<\/span><\/p>","protected":false},"excerpt":{"rendered":"<p>Pe m\u0103sur\u0103 ce lumea pivoteaz\u0103 spre sustenabilitate, vehiculele electrice (EV) au ap\u0103rut ca o component\u0103 pivotant\u0103 \u00een reducerea amprentei noastre de carbon.\u00a0<\/p>","protected":false},"author":1,"featured_media":98,"comment_status":"open","ping_status":"open","sticky":false,"template":"","format":"standard","meta":{"footnotes":""},"categories":[1,20,31],"tags":[],"class_list":["post-97","post","type-post","status-publish","format-standard","has-post-thumbnail","hentry","category-newsblog","category-blog","category-s-series"],"_links":{"self":[{"href":"https:\/\/www.lctc-group.com\/ro\/wp-json\/wp\/v2\/posts\/97","targetHints":{"allow":["GET"]}}],"collection":[{"href":"https:\/\/www.lctc-group.com\/ro\/wp-json\/wp\/v2\/posts"}],"about":[{"href":"https:\/\/www.lctc-group.com\/ro\/wp-json\/wp\/v2\/types\/post"}],"author":[{"embeddable":true,"href":"https:\/\/www.lctc-group.com\/ro\/wp-json\/wp\/v2\/users\/1"}],"replies":[{"embeddable":true,"href":"https:\/\/www.lctc-group.com\/ro\/wp-json\/wp\/v2\/comments?post=97"}],"version-history":[{"count":2,"href":"https:\/\/www.lctc-group.com\/ro\/wp-json\/wp\/v2\/posts\/97\/revisions"}],"predecessor-version":[{"id":100,"href":"https:\/\/www.lctc-group.com\/ro\/wp-json\/wp\/v2\/posts\/97\/revisions\/100"}],"wp:featuredmedia":[{"embeddable":true,"href":"https:\/\/www.lctc-group.com\/ro\/wp-json\/wp\/v2\/media\/98"}],"wp:attachment":[{"href":"https:\/\/www.lctc-group.com\/ro\/wp-json\/wp\/v2\/media?parent=97"}],"wp:term":[{"taxonomy":"category","embeddable":true,"href":"https:\/\/www.lctc-group.com\/ro\/wp-json\/wp\/v2\/categories?post=97"},{"taxonomy":"post_tag","embeddable":true,"href":"https:\/\/www.lctc-group.com\/ro\/wp-json\/wp\/v2\/tags?post=97"}],"curies":[{"name":"wp","href":"https:\/\/api.w.org\/{rel}","templated":true}]}}