{"id":107,"date":"2025-03-07T10:39:14","date_gmt":"2025-03-07T02:39:14","guid":{"rendered":"http:\/\/www.lctc-group.com\/?p=107"},"modified":"2025-03-28T12:28:40","modified_gmt":"2025-03-28T04:28:40","slug":"the-future-of-electric-vehicle-charging-navigating-the-path-to-sustainable-transportation","status":"publish","type":"post","link":"https:\/\/www.lctc-group.com\/sk\/buducnost-nabijania-elektrickych-vozidiel-na-ceste-k-udrzatelnej-doprave\/","title":{"rendered":"Bud\u00facnos\u0165 nab\u00edjania elektrick\u00fdch vozidiel: navig\u00e1cia po ceste k udr\u017eate\u013enej preprave"},"content":{"rendered":"<p><img decoding=\"async\" src=\"https:\/\/omo-oss-image.thefastimg.com\/portal-saas\/new2022062014104039585\/cms\/image\/1a9ceaa6-839c-4e5a-b1e6-ae82ac1264a4.png\" \/><\/p>\n<p><b><span lang=\"EN-US\">Vzostup elektrick\u00fdch vozidiel (EV) predstavuje v\u00fdrazn\u00fd posun v sp\u00f4sobe, ak\u00fdm uva\u017eujeme o preprave a spotrebe energie.<\/span><\/b>\u00a0<span lang=\"EN-US\">Ke\u010f\u017ee viac vodi\u010dov rob\u00ed prechod na elektrick\u00fa energiu, zameranie sa na zlep\u0161enie nab\u00edjania EV a technol\u00f3gie je \u010doraz d\u00f4le\u017eitej\u0161ie.<\/span><\/p>\n<p>&nbsp;<\/p>\n<p><span lang=\"EN-US\">Technol\u00f3gia nab\u00edjania EV pre\u0161la od svojich prv\u00fdch dn\u00ed dlh\u00fa cestu.<\/span><\/p>\n<p>&nbsp;<\/p>\n<p><span lang=\"EN-US\">Posledn\u00fd pokrok e\u0161te viac pos\u00fava hranice.<\/span><\/p>\n<p>&nbsp;<\/p>\n<p><span lang=\"EN-US\">Roz\u0161\u00edrenie a zlep\u0161enie siete nab\u00edjac\u00edch stan\u00edc je rozhoduj\u00face pre podporu rast\u00faceho po\u010dtu elektrick\u00fdch vozidiel na ceste.<\/span><\/p>\n<p>&nbsp;<\/p>\n<p><span lang=\"EN-US\">Cesta smerom k plne integrovanej sieti nab\u00edjania EV zah\u0155\u0148a aj rie\u0161enie probl\u00e9mov, ako je r\u00fdchlos\u0165 nab\u00edjania, dostupnos\u0165 a pohodlie.<\/span><\/p>\n<p>&nbsp;<\/p>\n<p><span lang=\"EN-US\">Ke\u010f\u017ee prijatie elektrick\u00fdch vozidiel na\u010falej rastie, bud\u00facnos\u0165 nab\u00edjania EV je jasn\u00e1 a pln\u00e1 potenci\u00e1lu.<\/span><\/p>","protected":false},"excerpt":{"rendered":"<p>Vzostup elektrick\u00fdch vozidiel (EV) predstavuje v\u00fdrazn\u00fd posun v sp\u00f4sobe, ak\u00fdm uva\u017eujeme o preprave a spotrebe energie.\u00a0<\/p>","protected":false},"author":1,"featured_media":108,"comment_status":"open","ping_status":"open","sticky":false,"template":"","format":"standard","meta":{"footnotes":""},"categories":[1,20,31],"tags":[],"class_list":["post-107","post","type-post","status-publish","format-standard","has-post-thumbnail","hentry","category-newsblog","category-blog","category-s-series"],"_links":{"self":[{"href":"https:\/\/www.lctc-group.com\/sk\/wp-json\/wp\/v2\/posts\/107","targetHints":{"allow":["GET"]}}],"collection":[{"href":"https:\/\/www.lctc-group.com\/sk\/wp-json\/wp\/v2\/posts"}],"about":[{"href":"https:\/\/www.lctc-group.com\/sk\/wp-json\/wp\/v2\/types\/post"}],"author":[{"embeddable":true,"href":"https:\/\/www.lctc-group.com\/sk\/wp-json\/wp\/v2\/users\/1"}],"replies":[{"embeddable":true,"href":"https:\/\/www.lctc-group.com\/sk\/wp-json\/wp\/v2\/comments?post=107"}],"version-history":[{"count":1,"href":"https:\/\/www.lctc-group.com\/sk\/wp-json\/wp\/v2\/posts\/107\/revisions"}],"predecessor-version":[{"id":109,"href":"https:\/\/www.lctc-group.com\/sk\/wp-json\/wp\/v2\/posts\/107\/revisions\/109"}],"wp:featuredmedia":[{"embeddable":true,"href":"https:\/\/www.lctc-group.com\/sk\/wp-json\/wp\/v2\/media\/108"}],"wp:attachment":[{"href":"https:\/\/www.lctc-group.com\/sk\/wp-json\/wp\/v2\/media?parent=107"}],"wp:term":[{"taxonomy":"category","embeddable":true,"href":"https:\/\/www.lctc-group.com\/sk\/wp-json\/wp\/v2\/categories?post=107"},{"taxonomy":"post_tag","embeddable":true,"href":"https:\/\/www.lctc-group.com\/sk\/wp-json\/wp\/v2\/tags?post=107"}],"curies":[{"name":"wp","href":"https:\/\/api.w.org\/{rel}","templated":true}]}}